{"id":9026,"date":"2026-08-27T13:38:40","date_gmt":"2026-08-27T11:38:40","guid":{"rendered":"https:\/\/spczaplinek.pl\/?p=9026"},"modified":"2026-08-27T13:39:57","modified_gmt":"2026-08-27T11:39:57","slug":"autobus-szkolny","status":"publish","type":"post","link":"https:\/\/spczaplinek.pl\/autobus-szkolny\/","title":{"rendered":"Autobus szkolny"},"content":{"rendered":"<p><strong>Harmonogram dowozu na uroczysto\u015b\u0107 rozpocz\u0119cia roku szkolnego 2026\/2027 w dniu 1 wrze\u015bnia :<\/strong><br \/>\n7.45 &#8211; Linin<br \/>\n7.50 &#8211; Wincent\u00f3w<br \/>\n8.00 &#8211; Aleksandr\u00f3w, chwil\u0119 p\u00f3\u017aniej Buczyn\u00f3w<br \/>\n8.05 &#8211; Czaplin, zaraz potem D\u0119b\u00f3wka<br \/>\n8.12 &#8211; Szko\u0142a w Czaplinku<br \/>\n8.15- Sobik\u00f3w, chwil\u0119 p\u00f3\u017aniej Obr\u0119b<br \/>\n8.20 &#8211; Szko\u0142a w Czaplinku<br \/>\nPo sko\u0144czonej uroczysto\u015bci uczniowie zostan\u0105 rozwiezieni t\u0105 sam\u0105 tras\u0105, najpierw w stron\u0119 Cendrowic, a nast\u0119pnie Wincentowa.<br \/>\nW za\u0142\u0105czniku znajduje si\u0119 harmonogram dowoz\u00f3w w roku szkolnym 2026\/2027. Jednocze\u015bnie informujemy, \u017ce mo\u017ce on ulec w drugim-trzecim tygodniu wrze\u015bnia drobnym modyfikacjom w zakresie powrot\u00f3w w zale\u017cno\u015bci od potrzeb plac\u00f3wki wynikaj\u0105cych z planu lekcji. Oczywi\u015bcie b\u0119dziecie Pa\u0144stwo informowani o zmianach na bie\u017c\u0105co.<br \/>\nW razie jakichkolwiek pyta\u0144 prosimy o kontakt pod nr telefonu: 607272173. Na chwil\u0119 obecn\u0105 szkolny telefon stacjonarny 22 7268341 jest niedost\u0119pny.<\/p>\n<p><a href=\"https:\/\/spczaplinek.pl\/wp-content\/uploads\/2026\/08\/Autobus-szkolny.pdf\">Za\u0142\u0105cznik Autobus-szkolny<\/a><\/p>\n","protected":false},"excerpt":{"rendered":"<p>Harmonogram dowozu na uroczysto\u015b\u0107 rozpocz\u0119cia roku szkolnego 2026\/2027 w dniu 1 wrze\u015bnia : 7.45 &#8211; Linin 7.50 &#8211; Wincent\u00f3w 8.00 &#8211; Aleksandr\u00f3w, chwil\u0119 p\u00f3\u017aniej Buczyn\u00f3w 8.05 &#8211; Czaplin, zaraz potem D\u0119b\u00f3wka 8.12 &#8211; Szko\u0142a w Czaplinku 8.15- Sobik\u00f3w, chwil\u0119 p\u00f3\u017aniej Obr\u0119b 8.20 &#8211; Szko\u0142a w Czaplinku Po sko\u0144czonej uroczysto\u015bci uczniowie &hellip;<\/p>\n","protected":false},"author":2,"featured_media":9025,"comment_status":"open","ping_status":"open","sticky":false,"template":"","format":"standard","meta":{"footnotes":""},"categories":[32],"tags":[],"class_list":["post-9026","post","type-post","status-publish","format-standard","has-post-thumbnail","hentry","category-aktualnosci-2025-2026"],"_links":{"self":[{"href":"https:\/\/spczaplinek.pl\/api\/wp\/v2\/posts\/9026","targetHints":{"allow":["GET"]}}],"collection":[{"href":"https:\/\/spczaplinek.pl\/api\/wp\/v2\/posts"}],"about":[{"href":"https:\/\/spczaplinek.pl\/api\/wp\/v2\/types\/post"}],"author":[{"embeddable":true,"href":"https:\/\/spczaplinek.pl\/api\/wp\/v2\/users\/2"}],"replies":[{"embeddable":true,"href":"https:\/\/spczaplinek.pl\/api\/wp\/v2\/comments?post=9026"}],"version-history":[{"count":2,"href":"https:\/\/spczaplinek.pl\/api\/wp\/v2\/posts\/9026\/revisions"}],"predecessor-version":[{"id":9029,"href":"https:\/\/spczaplinek.pl\/api\/wp\/v2\/posts\/9026\/revisions\/9029"}],"wp:featuredmedia":[{"embeddable":true,"href":"https:\/\/spczaplinek.pl\/api\/wp\/v2\/media\/9025"}],"wp:attachment":[{"href":"https:\/\/spczaplinek.pl\/api\/wp\/v2\/media?parent=9026"}],"wp:term":[{"taxonomy":"category","embeddable":true,"href":"https:\/\/spczaplinek.pl\/api\/wp\/v2\/categories?post=9026"},{"taxonomy":"post_tag","embeddable":true,"href":"https:\/\/spczaplinek.pl\/api\/wp\/v2\/tags?post=9026"}],"curies":[{"name":"wp","href":"https:\/\/api.w.org\/{rel}","templated":true}]}}