{"id":581,"date":"2021-06-24T00:40:21","date_gmt":"2021-06-23T22:40:21","guid":{"rendered":"https:\/\/spczaplinek.pl\/?p=581"},"modified":"2021-06-24T00:40:21","modified_gmt":"2021-06-23T22:40:21","slug":"biala-szkola-w-rymanowie-zdroju","status":"publish","type":"post","link":"https:\/\/spczaplinek.pl\/biala-szkola-w-rymanowie-zdroju\/","title":{"rendered":"Bia\u0142a Szko\u0142a w Rymanowie Zdroju"},"content":{"rendered":"<p>Grupa 46 uczni\u00f3w naszej szko\u0142y w dniach 9-14 grudnia przebywa\u0142a na bia\u0142ej szkole w Rymanowie Zdroju. To by\u0142 wspania\u0142y czas integracji, ale tak\u017ce okazja do nauczenia si\u0119 wielu nowych rzeczy.<\/p>\n<p>&nbsp;<\/p>\n<p>Pierwszego dnia pobytu poznali\u015bmy pi\u0119kno Rymanowa na zimowym spacerze, uczyli\u015bmy si\u0119\u00a0 tak\u017ce piosenek zwi\u0105zanych z uzdrowiskiem i s\u0142uchali\u015bmy legend o tym miejscu. Na wieczorku integracyjnym ka\u017cdy z nas ch\u0119tnie bawi\u0142 si\u0119 i ta\u0144czy\u0142.<\/p>\n<p><img loading=\"lazy\" decoding=\"async\" class=\"\" src=\"https:\/\/spczaplinek.pl\/images\/stories\/rymanow15.jpg\" alt=\"alt\" width=\"434\" height=\"318\" \/>\u00a0\u00a0<img loading=\"lazy\" decoding=\"async\" class=\"\" src=\"https:\/\/spczaplinek.pl\/images\/stories\/rymanow14.jpg\" alt=\"alt\" width=\"434\" height=\"325\" \/><\/p>\n<p>Kolejnego dnia pobytu odwiedzili\u015bmy hut\u0119 szk\u0142a &#8222;Sabina&#8221;, gdzie mogli\u015bmy podejrze\u0107 prac\u0119 przy wyrobie szklanych przedmiot\u00f3w. Nast\u0119pnie udali\u015bmy si\u0119 do Magurskiego Parku Narodowego, gdzie brali\u015bmy udzia\u0142 w ciekawej lekcji o orliku krzykliwym &#8211; symbolu parku. Po powrocie do o\u015brodka ch\u0119tnie uczestniczyli\u015bmy w karaoke, \u015bpiewaj\u0105c kol\u0119dy i znane polskie przeboje. Wieczorem wzi\u0119li\u015bmy udzia\u0142 w balu przebiera\u0144c\u00f3w.<\/p>\n<p><img loading=\"lazy\" decoding=\"async\" class=\"\" src=\"https:\/\/spczaplinek.pl\/images\/stories\/rymanow13.jpg\" alt=\"alt\" width=\"342\" height=\"426\" \/>\u00a0<img loading=\"lazy\" decoding=\"async\" class=\"\" src=\"https:\/\/spczaplinek.pl\/images\/stories\/rymanow12.jpg\" alt=\"alt\" width=\"606\" height=\"454\" \/><\/p>\n<p>&nbsp;<\/p>\n<p>Ka\u017cdego dnia wcze\u015bnie rano, gdy wszyscy jeszcze spali, ch\u0119tni uczniowie mogli pod opiek\u0105 p. Danuty Matrackiej wyruszy\u0107 w g\u00f3ry na biegi. Trzeciego dnia w Rymanowie pojechali\u015bmy do Muzeum im. Marii Konopnickiej w \u017barnowcu, gdzie zwiedzili\u015bmy dworek, w kt\u00f3rym mieszka\u0142a wybitna polska poetka. Nast\u0119pnie uczestniczyli\u015bmy w lekcji kaligrafii w Szkole Ludowej i poznali\u015bmy ciekawostki o tym, jak dawniej wygl\u0105da\u0142a nauka w szkole. Stamt\u0105d wyruszyli\u015bmy do B\u00f3brki do Muzeum Przemys\u0142u Naftowego. Wycieczka to nie tylko zabawa, ale te\u017c okazja, by dowiedzie\u0107 si\u0119 wielu interesuj\u0105cych rzeczy! Po spacerze ch\u0119tni wystartowali w konkursie ta\u0144ca solo, w parach i zespo\u0142ach. Okaza\u0142o si\u0119, \u017ce niekt\u00f3rzy z nas maj\u0105 ogromne talenty!<\/p>\n<p><img loading=\"lazy\" decoding=\"async\" class=\"\" src=\"https:\/\/spczaplinek.pl\/images\/stories\/rymanow10.jpg\" alt=\"alt\" width=\"296\" height=\"393\" \/>\u00a0<img loading=\"lazy\" decoding=\"async\" class=\"\" src=\"https:\/\/spczaplinek.pl\/images\/stories\/rymanow9.jpg\" alt=\"alt\" width=\"298\" height=\"394\" \/>\u00a0<img loading=\"lazy\" decoding=\"async\" class=\"\" src=\"https:\/\/spczaplinek.pl\/images\/stories\/rymanow8.jpg\" alt=\"alt\" width=\"300\" height=\"395\" \/><\/p>\n<p>&nbsp;<\/p>\n<p>Czwartego dnia z ch\u0119ci\u0105 wybrali\u015bmy si\u0119 na spacer po Beskidzie Niskim, poznaj\u0105c przy okazji ciekawostki przyrodnicze i historyczne. Ch\u0119tnie brali\u015bmy udzia\u0142 tak\u017ce w warsztatach malowania na szkle. Ka\u017cdy z nas zabra\u0142 sw\u00f3j malunek do domu. \u015awietnie bawili\u015bmy si\u0119 tworz\u0105c bardzo kreatywne fryzury na konkurs.<\/p>\n<p><img loading=\"lazy\" decoding=\"async\" class=\"\" src=\"https:\/\/spczaplinek.pl\/images\/stories\/rymanow6.jpg\" alt=\"alt\" width=\"444\" height=\"347\" \/>\u00a0<img loading=\"lazy\" decoding=\"async\" class=\"\" src=\"https:\/\/spczaplinek.pl\/images\/stories\/rymanow5.jpg\" alt=\"alt\" width=\"449\" height=\"334\" \/><\/p>\n<p>Ostatniego dnia wreszcie doczekali\u015bmy si\u0119 najwa\u017cniejszego punktu wycieczki &#8211; wizyty w pijalni czekolady. Ozdobili\u015bmy tam swoje czekolady i lizaki.<\/p>\n<p><img loading=\"lazy\" decoding=\"async\" class=\"\" src=\"https:\/\/spczaplinek.pl\/images\/stories\/rymanow4.jpg\" alt=\"alt\" width=\"421\" height=\"350\" \/>\u00a0<img loading=\"lazy\" decoding=\"async\" class=\"\" src=\"https:\/\/spczaplinek.pl\/images\/stories\/rymanow3.jpg\" alt=\"alt\" width=\"240\" height=\"317\" \/><\/p>\n<p>W pi\u0105tkowy wiecz\u00f3r przyszed\u0142 czas na randk\u0119 w ciemno&#8230; I tak zako\u0144czyli\u015bmy pobyt w Rymanowie. W sobot\u0119 rano po po\u017cegnalnym spotkaniu i odebraniu dyplom\u00f3w udali\u015bmy si\u0119 w drog\u0119 powrotn\u0105 do Czaplinka, zabieraj\u0105c ze sob\u0105 mi\u0142e wspomnienia i nadziej\u0119, \u017ce jeszcze tam wr\u00f3cimy.<\/p>\n<p>Fotorelacja z ka\u017cdego dnia wyjazdu wraz z kr\u00f3tkim opisem znajduje si\u0119 na stronie szko\u0142y na portalu\u00a0<em>facebook:\u00a0<a href=\"https:\/\/www.facebook.com\/SPCzaplinek\/\">https:\/\/www.facebook.com\/SPCzaplinek\/<\/a><\/em><\/p>\n","protected":false},"excerpt":{"rendered":"<p>Grupa 46 uczni\u00f3w naszej szko\u0142y w dniach 9-14 grudnia przebywa\u0142a na bia\u0142ej szkole w Rymanowie Zdroju. To by\u0142 wspania\u0142y czas integracji, ale tak\u017ce okazja do nauczenia si\u0119 wielu nowych rzeczy. &nbsp; Pierwszego dnia pobytu poznali\u015bmy pi\u0119kno Rymanowa na zimowym spacerze, uczyli\u015bmy si\u0119\u00a0 tak\u017ce piosenek zwi\u0105zanych z uzdrowiskiem i s\u0142uchali\u015bmy legend &hellip;<\/p>\n","protected":false},"author":2,"featured_media":582,"comment_status":"open","ping_status":"open","sticky":false,"template":"","format":"standard","meta":{"footnotes":""},"categories":[1,3],"tags":[],"class_list":["post-581","post","type-post","status-publish","format-standard","has-post-thumbnail","hentry","category-aktualnosci","category-2019-2020"],"_links":{"self":[{"href":"https:\/\/spczaplinek.pl\/api\/wp\/v2\/posts\/581","targetHints":{"allow":["GET"]}}],"collection":[{"href":"https:\/\/spczaplinek.pl\/api\/wp\/v2\/posts"}],"about":[{"href":"https:\/\/spczaplinek.pl\/api\/wp\/v2\/types\/post"}],"author":[{"embeddable":true,"href":"https:\/\/spczaplinek.pl\/api\/wp\/v2\/users\/2"}],"replies":[{"embeddable":true,"href":"https:\/\/spczaplinek.pl\/api\/wp\/v2\/comments?post=581"}],"version-history":[{"count":0,"href":"https:\/\/spczaplinek.pl\/api\/wp\/v2\/posts\/581\/revisions"}],"wp:featuredmedia":[{"embeddable":true,"href":"https:\/\/spczaplinek.pl\/api\/wp\/v2\/media\/582"}],"wp:attachment":[{"href":"https:\/\/spczaplinek.pl\/api\/wp\/v2\/media?parent=581"}],"wp:term":[{"taxonomy":"category","embeddable":true,"href":"https:\/\/spczaplinek.pl\/api\/wp\/v2\/categories?post=581"},{"taxonomy":"post_tag","embeddable":true,"href":"https:\/\/spczaplinek.pl\/api\/wp\/v2\/tags?post=581"}],"curies":[{"name":"wp","href":"https:\/\/api.w.org\/{rel}","templated":true}]}}